{"id":8836,"date":"2025-02-18T16:48:50","date_gmt":"2025-02-18T16:48:50","guid":{"rendered":"https:\/\/edufrance.education\/?p=8836"},"modified":"2025-10-17T10:49:31","modified_gmt":"2025-10-17T10:49:31","slug":"reouverture-des-frontieres-en-france","status":"publish","type":"post","link":"https:\/\/edufrance.education\/en\/reouverture-des-frontieres-en-france\/","title":{"rendered":"R\u00e9ouverture des fronti\u00e8res en France"},"content":{"rendered":"<div data-elementor-type=\"wp-post\" data-elementor-id=\"8836\" class=\"elementor elementor-8836\">\n\t\t\t\t<div class=\"elementor-element elementor-element-a3d367d e-con-full e-flex e-con e-parent\" data-id=\"a3d367d\" data-element_type=\"container\" data-settings=\"{&quot;background_background&quot;:&quot;classic&quot;}\">\n\t\t\t\t<div class=\"elementor-element elementor-element-254c77d elementor-invisible elementor-widget elementor-widget-heading bdevs-el heading\" data-id=\"254c77d\" data-element_type=\"widget\" data-settings=\"{&quot;_animation&quot;:&quot;fadeInUp&quot;,&quot;design_style&quot;:&quot;style_1&quot;}\" data-widget_type=\"heading.default\">\n\t\t\t\t<div class=\"elementor-widget-container\">\n\t\t\t<style>\/*! elementor - v3.23.0 - 25-07-2024 *\/\n.elementor-heading-title{padding:0;margin:0;line-height:1}.elementor-widget-heading .elementor-heading-title[class*=elementor-size-]>a{color:inherit;font-size:inherit;line-height:inherit}.elementor-widget-heading .elementor-heading-title.elementor-size-small{font-size:15px}.elementor-widget-heading .elementor-heading-title.elementor-size-medium{font-size:19px}.elementor-widget-heading .elementor-heading-title.elementor-size-large{font-size:29px}.elementor-widget-heading .elementor-heading-title.elementor-size-xl{font-size:39px}.elementor-widget-heading .elementor-heading-title.elementor-size-xxl{font-size:59px}<\/style>                            <div class=\"section__title-wrapper bdevs-el-content\">\n                                <h1 class=\"section-title bdevs-el-title  bdevs-el-btn section__title\">R\u00e9ouverture des fronti\u00e8res en France<\/h1>                            <\/div>\n        \n    \n        \t\t<\/div>\n\t\t\t\t<\/div>\n\t\t\t\t<\/div>\n\t\t<div class=\"elementor-element elementor-element-0c735c7 e-flex e-con-boxed e-con e-parent\" data-id=\"0c735c7\" data-element_type=\"container\">\n\t\t\t\t\t<div class=\"e-con-inner\">\n\t\t\t\t<div class=\"elementor-element elementor-element-d1309d8 elementor-widget elementor-widget-heading bdevs-el heading\" data-id=\"d1309d8\" data-element_type=\"widget\" data-settings=\"{&quot;design_style&quot;:&quot;style_1&quot;}\" data-widget_type=\"heading.default\">\n\t\t\t\t<div class=\"elementor-widget-container\">\n\t\t\t                            <div class=\"section__title-wrapper bdevs-el-content\">\n                                <h2 class=\"section-title bdevs-el-title  bdevs-el-btn section__title\">R\u00e9ouverture des fronti\u00e8res en France\n<\/h2>                            <\/div>\n        \n    \n        \t\t<\/div>\n\t\t\t\t<\/div>\n\t\t\t\t<div class=\"elementor-element elementor-element-4ac6a22 elementor-widget elementor-widget-heading bdevs-el heading\" data-id=\"4ac6a22\" data-element_type=\"widget\" data-settings=\"{&quot;design_style&quot;:&quot;style_1&quot;}\" data-widget_type=\"heading.default\">\n\t\t\t\t<div class=\"elementor-widget-container\">\n\t\t\t                            <div class=\"section__title-wrapper bdevs-el-content\">\n                                <h2 class=\"section-title bdevs-el-title  bdevs-el-btn section__title\">Aux \u00e9tudiants internationaux<\/h2>                            <\/div>\n        \n    \n        \t\t<\/div>\n\t\t\t\t<\/div>\n\t\t\t\t<div class=\"elementor-element elementor-element-846644b elementor-widget elementor-widget-heading bdevs-el heading\" data-id=\"846644b\" data-element_type=\"widget\" id=\"txt-justfiy\" data-settings=\"{&quot;design_style&quot;:&quot;style_1&quot;}\" data-widget_type=\"heading.default\">\n\t\t\t\t<div class=\"elementor-widget-container\">\n\t\t\t                            <div class=\"section__title-wrapper bdevs-el-content\">\n                                <h2 class=\"section-title bdevs-el-title  bdevs-el-btn section__title\">Vous souhaitez \u00e9tudier en France mais vous h\u00e9sitez \u00e0 cause de la fermeture des fronti\u00e8res due au coronavirus ? Vous avez commencez la proc\u00e9dure Campus France mais vous ne savez pas quoi faire devant la menace de la diffusion du coronavirus ?! Ne vous d\u00e9couragez pas ! Vous n\u2019avez rien rat\u00e9\n\n<\/h2>                            <\/div>\n        \n    \n        \t\t<\/div>\n\t\t\t\t<\/div>\n\t\t\t\t<div class=\"elementor-element elementor-element-891e5bb elementor-widget elementor-widget-heading bdevs-el heading\" data-id=\"891e5bb\" data-element_type=\"widget\" id=\"txt-justfiy\" data-settings=\"{&quot;design_style&quot;:&quot;style_1&quot;}\" data-widget_type=\"heading.default\">\n\t\t\t\t<div class=\"elementor-widget-container\">\n\t\t\t                            <div class=\"section__title-wrapper bdevs-el-content\">\n                                <h2 class=\"section-title bdevs-el-title  bdevs-el-btn section__title\">Excellente nouvelle pour les \u00e9tudiants internationaux : La France annonce la r\u00e9ouverture de ses fronti\u00e8res de l'espace Schengen au premier jour du mois de juillet. Les institutions fran\u00e7aises sont pr\u00eates pour accueillir les \u00e9tudiants internationaux \u00e0 la rentr\u00e9e 2020.<\/h2>                            <\/div>\n        \n    \n        \t\t<\/div>\n\t\t\t\t<\/div>\n\t\t\t\t<div class=\"elementor-element elementor-element-00fc741 elementor-widget elementor-widget-heading bdevs-el heading\" data-id=\"00fc741\" data-element_type=\"widget\" id=\"txt-justfiy\" data-settings=\"{&quot;design_style&quot;:&quot;style_1&quot;}\" data-widget_type=\"heading.default\">\n\t\t\t\t<div class=\"elementor-widget-container\">\n\t\t\t                            <div class=\"section__title-wrapper bdevs-el-content\">\n                                <h2 class=\"section-title bdevs-el-title  bdevs-el-btn section__title\">\n\u00c0 tous les \u00e9tudiants internationaux, la France vous attend pour la prochaine ann\u00e9e acad\u00e9mique !<\/h2>                            <\/div>\n        \n    \n        \t\t<\/div>\n\t\t\t\t<\/div>\n\t\t\t\t<div class=\"elementor-element elementor-element-af0c82a elementor-widget elementor-widget-heading bdevs-el heading\" data-id=\"af0c82a\" data-element_type=\"widget\" id=\"txt-justfiy\" data-settings=\"{&quot;design_style&quot;:&quot;style_1&quot;}\" data-widget_type=\"heading.default\">\n\t\t\t\t<div class=\"elementor-widget-container\">\n\t\t\t                            <div class=\"section__title-wrapper bdevs-el-content\">\n                                <h2 class=\"section-title bdevs-el-title  bdevs-el-btn section__title\">Les ministres des Affaires \u00e9trang\u00e8res Jean-Yves Le Drian et de l'Int\u00e9rieur Christophe Castaner ont annonc\u00e9 dans un communiqu\u00e9 commun la fin de la fermeture des fronti\u00e8res au premier jour du mois de juillet \u00abla France proc\u00e8dera \u00e0 une ouverture progressive de ses fronti\u00e8res ext\u00e9rieures Schengen \u00e0 compter du 1er juillet\u00bb,<\/h2>                            <\/div>\n        \n    \n        \t\t<\/div>\n\t\t\t\t<\/div>\n\t\t\t\t<div class=\"elementor-element elementor-element-5fed9d5 elementor-widget elementor-widget-heading bdevs-el heading\" data-id=\"5fed9d5\" data-element_type=\"widget\" data-settings=\"{&quot;design_style&quot;:&quot;style_1&quot;}\" data-widget_type=\"heading.default\">\n\t\t\t\t<div class=\"elementor-widget-container\">\n\t\t\t                            <div class=\"section__title-wrapper bdevs-el-content\">\n                                <h2 class=\"section-title bdevs-el-title  bdevs-el-btn section__title\">Les \u00e9tudiants internationaux seront autoris\u00e9s \u00e0 partir du 1er juillet, quel que soit leur pays d\u2019origine, \u00e0 venir en France. Il est \u00e0 souligner que les modalit\u00e9s de leur accueil seront facilit\u00e9es ainsi que leurs demandes de visas et de titres de s\u00e9jour vont \u00eatre trait\u00e9es en priorit\u00e9.<\/h2>                            <\/div>\n        \n    \n        \t\t<\/div>\n\t\t\t\t<\/div>\n\t\t\t\t<div class=\"elementor-element elementor-element-c2f98ec elementor-widget elementor-widget-heading bdevs-el heading\" data-id=\"c2f98ec\" data-element_type=\"widget\" data-settings=\"{&quot;design_style&quot;:&quot;style_1&quot;}\" data-widget_type=\"heading.default\">\n\t\t\t\t<div class=\"elementor-widget-container\">\n\t\t\t                            <div class=\"section__title-wrapper bdevs-el-content\">\n                                <h2 class=\"section-title bdevs-el-title  bdevs-el-btn section__title\">Vous aurez un accompagnement dans vos d\u00e9marches afin de faciliter la pr\u00e9paration de vos s\u00e9jours d\u2019\u00e9tudes en France. Vous aurez aussi la priorit\u00e9 dans le traitement de vos demandes de Visas par les services consulaires. TERNLESATIONAUX, VOUS \u00caTES LES<\/h2>                            <\/div>\n        \n    \n        \t\t<\/div>\n\t\t\t\t<\/div>\n\t\t\t\t<div class=\"elementor-element elementor-element-336245d elementor-widget elementor-widget-heading bdevs-el heading\" data-id=\"336245d\" data-element_type=\"widget\" data-settings=\"{&quot;design_style&quot;:&quot;style_1&quot;}\" data-widget_type=\"heading.default\">\n\t\t\t\t<div class=\"elementor-widget-container\">\n\t\t\t                            <div class=\"section__title-wrapper bdevs-el-content\">\n                                <h2 class=\"section-title bdevs-el-title  bdevs-el-btn section__title\">Pr\u00e9parez vos valises ! La France vous attend pour la rentr\u00e9e 2020-2021<\/h2>                            <\/div>\n        \n    \n        \t\t<\/div>\n\t\t\t\t<\/div>\n\t\t\t\t\t<\/div>\n\t\t\t\t<\/div>\n\t\t<div class=\"elementor-element elementor-element-af90d10 e-flex e-con-boxed e-con e-parent\" data-id=\"af90d10\" data-element_type=\"container\">\n\t\t\t\t\t<div class=\"e-con-inner\">\n\t\t\t\t<div class=\"elementor-element elementor-element-719478f elementor-widget elementor-widget-elementskit-blog-posts\" data-id=\"719478f\" data-element_type=\"widget\" data-widget_type=\"elementskit-blog-posts.default\">\n\t\t\t\t<div class=\"elementor-widget-container\">\n\t\t\t<div class=\"ekit-wid-con\" >        <div id=\"post-items--719478f\" class=\"row post-items\">\n                    <div class=\"col-lg-4 col-md-6\">\n\n                                    <div class=\"elementskit-post-image-card\">\n                        <div class=\"elementskit-entry-header\">\n                                                            <a href=\"https:\/\/edufrance.education\/en\/comment-bien-choisir-son-universite-en-france-quand-on-est-etudiant-tunisien\/\" class=\"elementskit-entry-thumb\">\n                                    <img decoding=\"async\" src=\"https:\/\/edufrance.education\/wp-content\/uploads\/2025\/07\/comment-bien-choisr-1024x682.webp\" alt=\"Comment bien choisir son universit\u00e9 en France quand on est \u00e9tudiant tunisien ?\">\n                                <\/a><!-- .elementskit-entry-thumb END -->\n                                                            \n                            \n\t\t\t\t\t\t\t\t\t\t\t\t\t<\/div><!-- .elementskit-entry-header END -->\n\n\t\t\t\t\t\t<div class=\"elementskit-post-body\">\n\t\t\t\t\t\t\t\t\t\t\t\t\t\t\t\t\t\t\t\t<h2 class=\"entry-title\">\n\t\t\t\t\t<a href=\"https:\/\/edufrance.education\/en\/comment-bien-choisir-son-universite-en-france-quand-on-est-etudiant-tunisien\/\">\n\t\t\t\t\t\tHow to Choose the Right University in France as a Tunisian Student?\t\t\t\t\t<\/a>\n\t\t\t\t<\/h2>\n\t\t\t\t\t\t\t\t\t\t\t\n\t\t\t\t\t\t\t\t\t\t\t\t\t\t\t\t\t\t\t\t\t\t\t\t\t\t\t\t<div class=\"post-meta-list\">\n\t\t\t\t\t\t\t\t\t\t\t\t\t\t\t\t\t\t\t\t\t\t\t\t\t\t\t\t\t\t\t\t<span class=\"meta-date\">\n\t\t\t\t\t\t\t\t\t\t<svg aria-hidden=\"true\" class=\"e-font-icon-svg e-far-calendar-check\" viewbox=\"0 0 448 512\" xmlns=\"http:\/\/www.w3.org\/2000\/svg\"><path d=\"M400 64h-48V12c0-6.627-5.373-12-12-12h-40c-6.627 0-12 5.373-12 12v52H160V12c0-6.627-5.373-12-12-12h-40c-6.627 0-12 5.373-12 12v52H48C21.49 64 0 85.49 0 112v352c0 26.51 21.49 48 48 48h352c26.51 0 48-21.49 48-48V112c0-26.51-21.49-48-48-48zm-6 400H54a6 6 0 0 1-6-6V160h352v298a6 6 0 0 1-6 6zm-52.849-200.65L198.842 404.519c-4.705 4.667-12.303 4.637-16.971-.068l-75.091-75.699c-4.667-4.705-4.637-12.303.068-16.971l22.719-22.536c4.705-4.667 12.303-4.637 16.97.069l44.104 44.461 111.072-110.181c4.705-4.667 12.303-4.637 16.971.068l22.536 22.718c4.667 4.705 4.636 12.303-.069 16.97z\"><\/path><\/svg>\t\t\t\t\t\t\t\t\t\t<span class=\"meta-date-text\">\n\t\t\t\t\t\t\t\t\t\t\tJuly 5, 2025\t\t\t\t\t\t\t\t\t\t<\/span>\n\t\t\t\t\t\t\t\t\t<\/span>\n\t\t\t\t\t\t\t\t\t\t\t\t\t\t\t\t\t\t\t\t\t\t\t\t\t\t\t\t\t\t\t\t\t\t\t\t\t<\/div>\n\t\t\t\t\t\t\t\t\t\t\t\t\t\n\t\t\t\t\t\t\t\t\n\t\t\t\t\t\t\t\t\t\t\t\t\t\t\t\t\t\t\t\t\t\t\t\t\t\t\t\t\t                                                    <\/div><!-- .elementskit-post-body END -->\n                    <\/div>\n                \n            <\/div>\n                    <div class=\"col-lg-4 col-md-6\">\n\n                                    <div class=\"elementskit-post-image-card\">\n                        <div class=\"elementskit-entry-header\">\n                                                            <a href=\"https:\/\/edufrance.education\/en\/logement-etudiant-en-france-comment-sy-prendre-depuis-la-tunisie\/\" class=\"elementskit-entry-thumb\">\n                                    <img decoding=\"async\" src=\"https:\/\/edufrance.education\/wp-content\/uploads\/2025\/07\/logement-1024x683.webp\" alt=\"Logement \u00e9tudiant en France : comment s\u2019y prendre depuis la Tunisie ?\">\n                                <\/a><!-- .elementskit-entry-thumb END -->\n                                                            \n                            \n\t\t\t\t\t\t\t\t\t\t\t\t\t<\/div><!-- .elementskit-entry-header END -->\n\n\t\t\t\t\t\t<div class=\"elementskit-post-body\">\n\t\t\t\t\t\t\t\t\t\t\t\t\t\t\t\t\t\t\t\t<h2 class=\"entry-title\">\n\t\t\t\t\t<a href=\"https:\/\/edufrance.education\/en\/logement-etudiant-en-france-comment-sy-prendre-depuis-la-tunisie\/\">\n\t\t\t\t\t\tStudent Housing in France: How to Prepare from Tunisia?\t\t\t\t\t<\/a>\n\t\t\t\t<\/h2>\n\t\t\t\t\t\t\t\t\t\t\t\n\t\t\t\t\t\t\t\t\t\t\t\t\t\t\t\t\t\t\t\t\t\t\t\t\t\t\t\t<div class=\"post-meta-list\">\n\t\t\t\t\t\t\t\t\t\t\t\t\t\t\t\t\t\t\t\t\t\t\t\t\t\t\t\t\t\t\t\t<span class=\"meta-date\">\n\t\t\t\t\t\t\t\t\t\t<svg aria-hidden=\"true\" class=\"e-font-icon-svg e-far-calendar-check\" viewbox=\"0 0 448 512\" xmlns=\"http:\/\/www.w3.org\/2000\/svg\"><path d=\"M400 64h-48V12c0-6.627-5.373-12-12-12h-40c-6.627 0-12 5.373-12 12v52H160V12c0-6.627-5.373-12-12-12h-40c-6.627 0-12 5.373-12 12v52H48C21.49 64 0 85.49 0 112v352c0 26.51 21.49 48 48 48h352c26.51 0 48-21.49 48-48V112c0-26.51-21.49-48-48-48zm-6 400H54a6 6 0 0 1-6-6V160h352v298a6 6 0 0 1-6 6zm-52.849-200.65L198.842 404.519c-4.705 4.667-12.303 4.637-16.971-.068l-75.091-75.699c-4.667-4.705-4.637-12.303.068-16.971l22.719-22.536c4.705-4.667 12.303-4.637 16.97.069l44.104 44.461 111.072-110.181c4.705-4.667 12.303-4.637 16.971.068l22.536 22.718c4.667 4.705 4.636 12.303-.069 16.97z\"><\/path><\/svg>\t\t\t\t\t\t\t\t\t\t<span class=\"meta-date-text\">\n\t\t\t\t\t\t\t\t\t\t\tJune 30, 2025\t\t\t\t\t\t\t\t\t\t<\/span>\n\t\t\t\t\t\t\t\t\t<\/span>\n\t\t\t\t\t\t\t\t\t\t\t\t\t\t\t\t\t\t\t\t\t\t\t\t\t\t\t\t\t\t\t\t\t\t\t\t\t<\/div>\n\t\t\t\t\t\t\t\t\t\t\t\t\t\n\t\t\t\t\t\t\t\t\n\t\t\t\t\t\t\t\t\t\t\t\t\t\t\t\t\t\t\t\t\t\t\t\t\t\t\t\t\t                                                    <\/div><!-- .elementskit-post-body END -->\n                    <\/div>\n                \n            <\/div>\n                    <div class=\"col-lg-4 col-md-6\">\n\n                                    <div class=\"elementskit-post-image-card\">\n                        <div class=\"elementskit-entry-header\">\n                                                            <a href=\"https:\/\/edufrance.education\/en\/etudier-en-france-en-anglais-une-opportunite-meconnue\/\" class=\"elementskit-entry-thumb\">\n                                    <img decoding=\"async\" src=\"https:\/\/edufrance.education\/wp-content\/uploads\/2025\/07\/etudier-en-france-1024x682.webp\" alt=\"\u00c9tudier en France en anglais : une opportunit\u00e9 m\u00e9connue\">\n                                <\/a><!-- .elementskit-entry-thumb END -->\n                                                            \n                            \n\t\t\t\t\t\t\t\t\t\t\t\t\t<\/div><!-- .elementskit-entry-header END -->\n\n\t\t\t\t\t\t<div class=\"elementskit-post-body\">\n\t\t\t\t\t\t\t\t\t\t\t\t\t\t\t\t\t\t\t\t<h2 class=\"entry-title\">\n\t\t\t\t\t<a href=\"https:\/\/edufrance.education\/en\/etudier-en-france-en-anglais-une-opportunite-meconnue\/\">\n\t\t\t\t\t\tStudying in France in English: An Overlooked Opportunity\t\t\t\t\t<\/a>\n\t\t\t\t<\/h2>\n\t\t\t\t\t\t\t\t\t\t\t\n\t\t\t\t\t\t\t\t\t\t\t\t\t\t\t\t\t\t\t\t\t\t\t\t\t\t\t\t<div class=\"post-meta-list\">\n\t\t\t\t\t\t\t\t\t\t\t\t\t\t\t\t\t\t\t\t\t\t\t\t\t\t\t\t\t\t\t\t<span class=\"meta-date\">\n\t\t\t\t\t\t\t\t\t\t<svg aria-hidden=\"true\" class=\"e-font-icon-svg e-far-calendar-check\" viewbox=\"0 0 448 512\" xmlns=\"http:\/\/www.w3.org\/2000\/svg\"><path d=\"M400 64h-48V12c0-6.627-5.373-12-12-12h-40c-6.627 0-12 5.373-12 12v52H160V12c0-6.627-5.373-12-12-12h-40c-6.627 0-12 5.373-12 12v52H48C21.49 64 0 85.49 0 112v352c0 26.51 21.49 48 48 48h352c26.51 0 48-21.49 48-48V112c0-26.51-21.49-48-48-48zm-6 400H54a6 6 0 0 1-6-6V160h352v298a6 6 0 0 1-6 6zm-52.849-200.65L198.842 404.519c-4.705 4.667-12.303 4.637-16.971-.068l-75.091-75.699c-4.667-4.705-4.637-12.303.068-16.971l22.719-22.536c4.705-4.667 12.303-4.637 16.97.069l44.104 44.461 111.072-110.181c4.705-4.667 12.303-4.637 16.971.068l22.536 22.718c4.667 4.705 4.636 12.303-.069 16.97z\"><\/path><\/svg>\t\t\t\t\t\t\t\t\t\t<span class=\"meta-date-text\">\n\t\t\t\t\t\t\t\t\t\t\tMay 3, 2025\t\t\t\t\t\t\t\t\t\t<\/span>\n\t\t\t\t\t\t\t\t\t<\/span>\n\t\t\t\t\t\t\t\t\t\t\t\t\t\t\t\t\t\t\t\t\t\t\t\t\t\t\t\t\t\t\t\t\t\t\t\t\t<\/div>\n\t\t\t\t\t\t\t\t\t\t\t\t\t\n\t\t\t\t\t\t\t\t\n\t\t\t\t\t\t\t\t\t\t\t\t\t\t\t\t\t\t\t\t\t\t\t\t\t\t\t\t\t                                                    <\/div><!-- .elementskit-post-body END -->\n                    <\/div>\n                \n            <\/div>\n                <\/div>\n       <\/div>\t\t<\/div>\n\t\t\t\t<\/div>\n\t\t\t\t\t<\/div>\n\t\t\t\t<\/div>\n\t\t<div class=\"elementor-element elementor-element-02b24ff e-con-full e-flex e-con e-parent\" data-id=\"02b24ff\" data-element_type=\"container\" data-settings=\"{&quot;background_background&quot;:&quot;classic&quot;}\">\n\t\t<div class=\"elementor-element elementor-element-a543a6f e-con-full e-flex e-con e-child\" data-id=\"a543a6f\" data-element_type=\"container\">\n\t\t\t\t<div class=\"elementor-element elementor-element-e090f88 elementor-invisible elementor-widget elementor-widget-heading bdevs-el heading\" data-id=\"e090f88\" data-element_type=\"widget\" data-settings=\"{&quot;_animation&quot;:&quot;slideInLeft&quot;,&quot;design_style&quot;:&quot;style_1&quot;}\" data-widget_type=\"heading.default\">\n\t\t\t\t<div class=\"elementor-widget-container\">\n\t\t\t                            <div class=\"section__title-wrapper bdevs-el-content\">\n                                <h2 class=\"section-title bdevs-el-title  bdevs-el-btn section__title\">Request a Free Consultation<\/h2>                            <\/div>\n        \n    \n        \t\t<\/div>\n\t\t\t\t<\/div>\n\t\t\t\t<div class=\"elementor-element elementor-element-d7f8f72 eael-dual-header-content-align-left elementor-widget__width-initial vr elementor-widget elementor-widget-eael-dual-color-header\" data-id=\"d7f8f72\" data-element_type=\"widget\" data-widget_type=\"eael-dual-color-header.default\">\n\t\t\t\t<div class=\"elementor-widget-container\">\n\t\t\t\n\t\t        <div class=\"eael-dual-header\">\n\t\t\t\t<p class=\"title\">\n\t\t\t<span  class=\"lead solid-color\"><\/span>\n\t\t\t<span>Obtenez des r\u00e9ponses claires et pr\u00e9cises \u00e0 toutes vos questions sur les \u00e9tudes en France gr\u00e2ce \u00e0 nos conseillers experts.  <\/span>\n\t\t<\/p>\n\t\t\t\t<span class=\"subtext\"><\/span>\n\t\t\t\t<\/div>\n\t\n\t\t\n\t\t\n\t\t\n\t\t\t\t<\/div>\n\t\t\t\t<\/div>\n\t\t\t\t<div class=\"elementor-element elementor-element-d05509c eael-dual-header-content-align-left elementor-widget__width-initial vr elementor-widget elementor-widget-eael-dual-color-header\" data-id=\"d05509c\" data-element_type=\"widget\" data-widget_type=\"eael-dual-color-header.default\">\n\t\t\t\t<div class=\"elementor-widget-container\">\n\t\t\t\n\t\t        <div class=\"eael-dual-header\">\n\t\t\t\t<p class=\"title\">\n\t\t\t<span  class=\"lead solid-color\"><\/span>\n\t\t\t<span>R\u00e9ponse sous 24h \u2013 100% gratuit et sans engagement.<\/span>\n\t\t<\/p>\n\t\t\t\t<span class=\"subtext\"><\/span>\n\t\t\t\t<\/div>\n\t\n\t\t\n\t\t\n\t\t\n\t\t\t\t<\/div>\n\t\t\t\t<\/div>\n\t\t\t\t<div class=\"elementor-element elementor-element-362e086 elementor-invisible elementor-widget elementor-widget-button\" data-id=\"362e086\" data-element_type=\"widget\" data-settings=\"{&quot;_animation&quot;:&quot;slideInLeft&quot;}\" data-widget_type=\"button.default\">\n\t\t\t\t<div class=\"elementor-widget-container\">\n\t\t\t\t\t<div class=\"elementor-button-wrapper\">\n\t\t\t<a class=\"elementor-button elementor-button-link elementor-size-sm\" href=\"https:\/\/edufrance.education\/en\/consultation-gratuit\/?source=page-blog-reouverture-de-frontiers-france\">\n\t\t\t\t\t\t<span class=\"elementor-button-content-wrapper\">\n\t\t\t\t\t\t\t\t\t<span class=\"elementor-button-text\">Free Consultation<\/span>\n\t\t\t\t\t<\/span>\n\t\t\t\t\t<\/a>\n\t\t<\/div>\n\t\t\t\t<\/div>\n\t\t\t\t<\/div>\n\t\t\t\t<\/div>\n\t\t<div class=\"elementor-element elementor-element-c0627c4 e-con-full e-flex e-con e-child\" data-id=\"c0627c4\" data-element_type=\"container\">\n\t\t\t\t<div class=\"elementor-element elementor-element-561af54 elementor-widget elementor-widget-image\" data-id=\"561af54\" data-element_type=\"widget\" data-widget_type=\"image.default\">\n\t\t\t\t<div class=\"elementor-widget-container\">\n\t\t\t\t\t\t\t\t\t\t\t\t\t<img fetchpriority=\"high\" decoding=\"async\" width=\"640\" height=\"427\" src=\"https:\/\/edufrance.education\/wp-content\/uploads\/2025\/05\/Background-1-1-1024x683.webp\" class=\"attachment-large size-large wp-image-9434\" alt=\"\" srcset=\"https:\/\/edufrance.education\/wp-content\/uploads\/2025\/05\/Background-1-1-1024x683.webp 1024w, https:\/\/edufrance.education\/wp-content\/uploads\/2025\/05\/Background-1-1-300x200.webp 300w, https:\/\/edufrance.education\/wp-content\/uploads\/2025\/05\/Background-1-1-768x512.webp 768w, https:\/\/edufrance.education\/wp-content\/uploads\/2025\/05\/Background-1-1-1536x1024.webp 1536w, https:\/\/edufrance.education\/wp-content\/uploads\/2025\/05\/Background-1-1-2048x1365.webp 2048w\" sizes=\"(max-width: 640px) 100vw, 640px\" \/>\t\t\t\t\t\t\t\t\t\t\t\t\t<\/div>\n\t\t\t\t<\/div>\n\t\t\t\t<\/div>\n\t\t\t\t<\/div>\n\t\t<div class=\"elementor-element elementor-element-34da8bb e-con-full e-flex e-con e-parent\" data-id=\"34da8bb\" data-element_type=\"container\" data-settings=\"{&quot;background_background&quot;:&quot;classic&quot;}\">\n\t\t<div class=\"elementor-element elementor-element-4dfd734 e-con-full e-flex e-con e-child\" data-id=\"4dfd734\" data-element_type=\"container\">\n\t\t<div class=\"elementor-element elementor-element-9d6727c e-con-full e-flex e-con e-child\" data-id=\"9d6727c\" data-element_type=\"container\">\n\t\t\t\t<div class=\"elementor-element elementor-element-6aa0117 elementor-widget elementor-widget-image\" data-id=\"6aa0117\" data-element_type=\"widget\" data-widget_type=\"image.default\">\n\t\t\t\t<div class=\"elementor-widget-container\">\n\t\t\t\t\t\t\t\t\t\t\t\t\t<img decoding=\"async\" width=\"350\" height=\"47\" src=\"https:\/\/edufrance.education\/wp-content\/uploads\/2025\/05\/Calque_1.webp\" class=\"attachment-large size-large wp-image-9124\" alt=\"\" srcset=\"https:\/\/edufrance.education\/wp-content\/uploads\/2025\/05\/Calque_1.webp 350w, https:\/\/edufrance.education\/wp-content\/uploads\/2025\/05\/Calque_1-300x40.webp 300w, https:\/\/edufrance.education\/wp-content\/uploads\/2025\/05\/Calque_1-18x2.webp 18w\" sizes=\"(max-width: 350px) 100vw, 350px\" \/>\t\t\t\t\t\t\t\t\t\t\t\t\t<\/div>\n\t\t\t\t<\/div>\n\t\t\t\t<div class=\"elementor-element elementor-element-ef5ad03 eael-dual-header-content-align-left elementor-widget__width-initial vr elementor-widget elementor-widget-eael-dual-color-header\" data-id=\"ef5ad03\" data-element_type=\"widget\" data-widget_type=\"eael-dual-color-header.default\">\n\t\t\t\t<div class=\"elementor-widget-container\">\n\t\t\t\n\t\t        <div class=\"eael-dual-header\">\n\t\t\t\t<p class=\"title\">\n\t\t\t<span  class=\"lead solid-color\">EduFrance \u2013 Votre passerelle vers les \u00e9tudes sup\u00e9rieures en France.<\/span>\n\t\t\t<span><\/span>\n\t\t<\/p>\n\t\t\t\t<span class=\"subtext\"><\/span>\n\t\t\t\t<\/div>\n\t\n\t\t\n\t\t\n\t\t\n\t\t\t\t<\/div>\n\t\t\t\t<\/div>\n\t\t\t\t<div class=\"elementor-element elementor-element-4cd0899 eael-dual-header-content-align-left elementor-widget__width-initial vr elementor-widget elementor-widget-eael-dual-color-header\" data-id=\"4cd0899\" data-element_type=\"widget\" data-widget_type=\"eael-dual-color-header.default\">\n\t\t\t\t<div class=\"elementor-widget-container\">\n\t\t\t\n\t\t        <div class=\"eael-dual-header\">\n\t\t\t\t<p class=\"title\">\n\t\t\t<span  class=\"lead solid-color\">Conseil, accompagnement et r\u00e9ussite de votre projet acad\u00e9mique \u00e0 l\u2019international.<\/span>\n\t\t\t<span><\/span>\n\t\t<\/p>\n\t\t\t\t<span class=\"subtext\"><\/span>\n\t\t\t\t<\/div>\n\t\n\t\t\n\t\t\n\t\t\n\t\t\t\t<\/div>\n\t\t\t\t<\/div>\n\t\t\t\t<\/div>\n\t\t<div class=\"elementor-element elementor-element-1940137 e-con-full e-flex e-con e-child\" data-id=\"1940137\" data-element_type=\"container\">\n\t\t\t\t<\/div>\n\t\t\t\t<\/div>\n\t\t<div class=\"elementor-element elementor-element-c788292 e-con-full e-flex e-con e-child\" data-id=\"c788292\" data-element_type=\"container\">\n\t\t<div class=\"elementor-element elementor-element-4595133 e-con-full e-flex e-con e-child\" data-id=\"4595133\" data-element_type=\"container\">\n\t\t<div class=\"elementor-element elementor-element-0227c50 e-con-full e-flex e-con e-child\" data-id=\"0227c50\" data-element_type=\"container\">\n\t\t\t\t<div class=\"elementor-element elementor-element-184d8eb elementor-widget elementor-widget-image\" data-id=\"184d8eb\" data-element_type=\"widget\" data-widget_type=\"image.default\">\n\t\t\t\t<div class=\"elementor-widget-container\">\n\t\t\t\t\t\t\t\t\t\t\t\t\t<img decoding=\"async\" width=\"59\" height=\"60\" src=\"https:\/\/edufrance.education\/wp-content\/uploads\/2025\/05\/Vector-1.webp\" class=\"attachment-large size-large wp-image-9125\" alt=\"\" srcset=\"https:\/\/edufrance.education\/wp-content\/uploads\/2025\/05\/Vector-1.webp 59w, https:\/\/edufrance.education\/wp-content\/uploads\/2025\/05\/Vector-1-12x12.webp 12w\" sizes=\"(max-width: 59px) 100vw, 59px\" \/>\t\t\t\t\t\t\t\t\t\t\t\t\t<\/div>\n\t\t\t\t<\/div>\n\t\t\t\t<\/div>\n\t\t<div class=\"elementor-element elementor-element-8e4f912 e-con-full e-flex e-con e-child\" data-id=\"8e4f912\" data-element_type=\"container\">\n\t\t\t\t<div class=\"elementor-element elementor-element-0585672 elementor-widget elementor-widget-heading bdevs-el heading\" data-id=\"0585672\" data-element_type=\"widget\" data-settings=\"{&quot;design_style&quot;:&quot;style_1&quot;}\" data-widget_type=\"heading.default\">\n\t\t\t\t<div class=\"elementor-widget-container\">\n\t\t\t                            <div class=\"section__title-wrapper bdevs-el-content\">\n                                    <span class=\"sub-title bdevs-el-subtitle\">E-mail address<\/span>\n                                <h3 class=\"section-title bdevs-el-title  bdevs-el-btn section__title\">info@edufrance.education<\/h3>                            <\/div>\n        \n    \n        \t\t<\/div>\n\t\t\t\t<\/div>\n\t\t\t\t<\/div>\n\t\t\t\t<\/div>\n\t\t<div class=\"elementor-element elementor-element-78d101e e-con-full e-flex e-con e-child\" data-id=\"78d101e\" data-element_type=\"container\">\n\t\t\t\t<\/div>\n\t\t\t\t<\/div>\n\t\t<div class=\"elementor-element elementor-element-322ce49 e-con-full e-flex e-con e-child\" data-id=\"322ce49\" data-element_type=\"container\">\n\t\t<div class=\"elementor-element elementor-element-20ad50d e-con-full e-flex e-con e-child\" data-id=\"20ad50d\" data-element_type=\"container\">\n\t\t\t\t<div class=\"elementor-element elementor-element-d0c6fb8 elementor-widget elementor-widget-heading bdevs-el heading\" data-id=\"d0c6fb8\" data-element_type=\"widget\" data-settings=\"{&quot;design_style&quot;:&quot;style_1&quot;}\" data-widget_type=\"heading.default\">\n\t\t\t\t<div class=\"elementor-widget-container\">\n\t\t\t                            <div class=\"section__title-wrapper bdevs-el-content\">\n                                <h4 class=\"section-title bdevs-el-title  bdevs-el-btn section__title\">Tunis<\/h4>                            <\/div>\n        \n    \n        \t\t<\/div>\n\t\t\t\t<\/div>\n\t\t\t\t<div class=\"elementor-element elementor-element-f23c0e0 elementor-icon-list--layout-traditional elementor-list-item-link-full_width elementor-widget elementor-widget-icon-list\" data-id=\"f23c0e0\" data-element_type=\"widget\" data-widget_type=\"icon-list.default\">\n\t\t\t\t<div class=\"elementor-widget-container\">\n\t\t\t\t\t<ul class=\"elementor-icon-list-items\">\n\t\t\t\t\t\t\t<li class=\"elementor-icon-list-item\">\n\t\t\t\t\t\t\t\t\t\t\t<span class=\"elementor-icon-list-icon\">\n\t\t\t\t\t\t\t<i aria-hidden=\"true\" class=\"icon icon-placeholder\"><\/i>\t\t\t\t\t\t<\/span>\n\t\t\t\t\t\t\t\t\t\t<span class=\"elementor-icon-list-text\">Imm. El Nassim Rue du Lac Victoria Les Berges du Lac I Tunis 1053 <\/span>\n\t\t\t\t\t\t\t\t\t<\/li>\n\t\t\t\t\t\t\t\t<li class=\"elementor-icon-list-item\">\n\t\t\t\t\t\t\t\t\t\t\t<span class=\"elementor-icon-list-icon\">\n\t\t\t\t\t\t\t<i aria-hidden=\"true\" class=\"icon icon-phone-call\"><\/i>\t\t\t\t\t\t<\/span>\n\t\t\t\t\t\t\t\t\t\t<span class=\"elementor-icon-list-text\">56 832 160<\/span>\n\t\t\t\t\t\t\t\t\t<\/li>\n\t\t\t\t\t\t<\/ul>\n\t\t\t\t<\/div>\n\t\t\t\t<\/div>\n\t\t\t\t<\/div>\n\t\t<div class=\"elementor-element elementor-element-706d0ea e-con-full e-flex e-con e-child\" data-id=\"706d0ea\" data-element_type=\"container\">\n\t\t\t\t<div class=\"elementor-element elementor-element-9d37723 elementor-widget elementor-widget-heading bdevs-el heading\" data-id=\"9d37723\" data-element_type=\"widget\" data-settings=\"{&quot;design_style&quot;:&quot;style_1&quot;}\" data-widget_type=\"heading.default\">\n\t\t\t\t<div class=\"elementor-widget-container\">\n\t\t\t                            <div class=\"section__title-wrapper bdevs-el-content\">\n                                <h4 class=\"section-title bdevs-el-title  bdevs-el-btn section__title\">Nabeul<\/h4>                            <\/div>\n        \n    \n        \t\t<\/div>\n\t\t\t\t<\/div>\n\t\t\t\t<div class=\"elementor-element elementor-element-148db9f elementor-icon-list--layout-traditional elementor-list-item-link-full_width elementor-widget elementor-widget-icon-list\" data-id=\"148db9f\" data-element_type=\"widget\" data-widget_type=\"icon-list.default\">\n\t\t\t\t<div class=\"elementor-widget-container\">\n\t\t\t\t\t<ul class=\"elementor-icon-list-items\">\n\t\t\t\t\t\t\t<li class=\"elementor-icon-list-item\">\n\t\t\t\t\t\t\t\t\t\t\t<span class=\"elementor-icon-list-icon\">\n\t\t\t\t\t\t\t<i aria-hidden=\"true\" class=\"icon icon-placeholder\"><\/i>\t\t\t\t\t\t<\/span>\n\t\t\t\t\t\t\t\t\t\t<span class=\"elementor-icon-list-text\">2\u00e8me \u00e9tage, Imm. Hadidane, Angle Av Ali Belhouane \u2013 Habib Karma, Nabeul 8000.\u200b<\/span>\n\t\t\t\t\t\t\t\t\t<\/li>\n\t\t\t\t\t\t\t\t<li class=\"elementor-icon-list-item\">\n\t\t\t\t\t\t\t\t\t\t\t<span class=\"elementor-icon-list-icon\">\n\t\t\t\t\t\t\t<i aria-hidden=\"true\" class=\"icon icon-phone-call\"><\/i>\t\t\t\t\t\t<\/span>\n\t\t\t\t\t\t\t\t\t\t<span class=\"elementor-icon-list-text\">56 699 197<\/span>\n\t\t\t\t\t\t\t\t\t<\/li>\n\t\t\t\t\t\t<\/ul>\n\t\t\t\t<\/div>\n\t\t\t\t<\/div>\n\t\t\t\t<\/div>\n\t\t<div class=\"elementor-element elementor-element-1806fd2 e-con-full e-flex e-con e-child\" data-id=\"1806fd2\" data-element_type=\"container\">\n\t\t\t\t<div class=\"elementor-element elementor-element-13d4783 elementor-widget elementor-widget-heading bdevs-el heading\" data-id=\"13d4783\" data-element_type=\"widget\" data-settings=\"{&quot;design_style&quot;:&quot;style_1&quot;}\" data-widget_type=\"heading.default\">\n\t\t\t\t<div class=\"elementor-widget-container\">\n\t\t\t                            <div class=\"section__title-wrapper bdevs-el-content\">\n                                <h4 class=\"section-title bdevs-el-title  bdevs-el-btn section__title\">Sousse<\/h4>                            <\/div>\n        \n    \n        \t\t<\/div>\n\t\t\t\t<\/div>\n\t\t\t\t<div class=\"elementor-element elementor-element-b3a57b7 elementor-icon-list--layout-traditional elementor-list-item-link-full_width elementor-widget elementor-widget-icon-list\" data-id=\"b3a57b7\" data-element_type=\"widget\" data-widget_type=\"icon-list.default\">\n\t\t\t\t<div class=\"elementor-widget-container\">\n\t\t\t\t\t<ul class=\"elementor-icon-list-items\">\n\t\t\t\t\t\t\t<li class=\"elementor-icon-list-item\">\n\t\t\t\t\t\t\t\t\t\t\t<span class=\"elementor-icon-list-icon\">\n\t\t\t\t\t\t\t<i aria-hidden=\"true\" class=\"icon icon-placeholder\"><\/i>\t\t\t\t\t\t<\/span>\n\t\t\t\t\t\t\t\t\t\t<span class=\"elementor-icon-list-text\">Imm. Chaima Avenue Yaser Arafet Sahloul Sousse 4054<\/span>\n\t\t\t\t\t\t\t\t\t<\/li>\n\t\t\t\t\t\t\t\t<li class=\"elementor-icon-list-item\">\n\t\t\t\t\t\t\t\t\t\t\t<span class=\"elementor-icon-list-icon\">\n\t\t\t\t\t\t\t<i aria-hidden=\"true\" class=\"icon icon-phone-call\"><\/i>\t\t\t\t\t\t<\/span>\n\t\t\t\t\t\t\t\t\t\t<span class=\"elementor-icon-list-text\">52 408 195<\/span>\n\t\t\t\t\t\t\t\t\t<\/li>\n\t\t\t\t\t\t<\/ul>\n\t\t\t\t<\/div>\n\t\t\t\t<\/div>\n\t\t\t\t<\/div>\n\t\t<div class=\"elementor-element elementor-element-6ef3ab9 e-con-full e-flex e-con e-child\" data-id=\"6ef3ab9\" data-element_type=\"container\">\n\t\t\t\t<div class=\"elementor-element elementor-element-48fe1f2 elementor-widget elementor-widget-heading bdevs-el heading\" data-id=\"48fe1f2\" data-element_type=\"widget\" data-settings=\"{&quot;design_style&quot;:&quot;style_1&quot;}\" data-widget_type=\"heading.default\">\n\t\t\t\t<div class=\"elementor-widget-container\">\n\t\t\t                            <div class=\"section__title-wrapper bdevs-el-content\">\n                                <h4 class=\"section-title bdevs-el-title  bdevs-el-btn section__title\">Sfax<\/h4>                            <\/div>\n        \n    \n        \t\t<\/div>\n\t\t\t\t<\/div>\n\t\t\t\t<div class=\"elementor-element elementor-element-8a5e555 elementor-icon-list--layout-traditional elementor-list-item-link-full_width elementor-widget elementor-widget-icon-list\" data-id=\"8a5e555\" data-element_type=\"widget\" data-widget_type=\"icon-list.default\">\n\t\t\t\t<div class=\"elementor-widget-container\">\n\t\t\t\t\t<ul class=\"elementor-icon-list-items\">\n\t\t\t\t\t\t\t<li class=\"elementor-icon-list-item\">\n\t\t\t\t\t\t\t\t\t\t\t<span class=\"elementor-icon-list-icon\">\n\t\t\t\t\t\t\t<i aria-hidden=\"true\" class=\"icon icon-placeholder\"><\/i>\t\t\t\t\t\t<\/span>\n\t\t\t\t\t\t\t\t\t\t<span class=\"elementor-icon-list-text\">Imm. Ametista 2 Avenue 14 Janvier Sfax 3027 <\/span>\n\t\t\t\t\t\t\t\t\t<\/li>\n\t\t\t\t\t\t\t\t<li class=\"elementor-icon-list-item\">\n\t\t\t\t\t\t\t\t\t\t\t<span class=\"elementor-icon-list-icon\">\n\t\t\t\t\t\t\t<i aria-hidden=\"true\" class=\"icon icon-phone-call\"><\/i>\t\t\t\t\t\t<\/span>\n\t\t\t\t\t\t\t\t\t\t<span class=\"elementor-icon-list-text\">56 593 194<\/span>\n\t\t\t\t\t\t\t\t\t<\/li>\n\t\t\t\t\t\t<\/ul>\n\t\t\t\t<\/div>\n\t\t\t\t<\/div>\n\t\t\t\t<\/div>\n\t\t\t\t<\/div>\n\t\t<div class=\"elementor-element elementor-element-ff25b27 e-con-full e-flex e-con e-child\" data-id=\"ff25b27\" data-element_type=\"container\">\n\t\t<div class=\"elementor-element elementor-element-7353e80 e-con-full e-flex e-con e-child\" data-id=\"7353e80\" data-element_type=\"container\">\n\t\t\t\t<div class=\"elementor-element elementor-element-5f10d9a elementor-widget elementor-widget-heading bdevs-el heading\" data-id=\"5f10d9a\" data-element_type=\"widget\" data-settings=\"{&quot;design_style&quot;:&quot;style_1&quot;}\" data-widget_type=\"heading.default\">\n\t\t\t\t<div class=\"elementor-widget-container\">\n\t\t\t                            <div class=\"section__title-wrapper bdevs-el-content\">\n                                <h2 class=\"section-title bdevs-el-title  bdevs-el-btn section__title\">Navigation<\/h2>                            <\/div>\n        \n    \n        \t\t<\/div>\n\t\t\t\t<\/div>\n\t\t\t\t<div class=\"elementor-element elementor-element-ccc26bc elementor-icon-list--layout-traditional elementor-list-item-link-full_width elementor-widget elementor-widget-icon-list\" data-id=\"ccc26bc\" data-element_type=\"widget\" data-widget_type=\"icon-list.default\">\n\t\t\t\t<div class=\"elementor-widget-container\">\n\t\t\t\t\t<ul class=\"elementor-icon-list-items\">\n\t\t\t\t\t\t\t<li class=\"elementor-icon-list-item\">\n\t\t\t\t\t\t\t\t\t\t\t<a href=\"https:\/\/edufrance.education\/en\/\">\n\n\t\t\t\t\t\t\t\t\t\t\t<span class=\"elementor-icon-list-text\">Home<\/span>\n\t\t\t\t\t\t\t\t\t\t\t<\/a>\n\t\t\t\t\t\t\t\t\t<\/li>\n\t\t\t\t\t\t\t\t<li class=\"elementor-icon-list-item\">\n\t\t\t\t\t\t\t\t\t\t\t<a href=\"https:\/\/edufrance.education\/en\/a-propos-de-nous\/\">\n\n\t\t\t\t\t\t\t\t\t\t\t<span class=\"elementor-icon-list-text\">About Us<\/span>\n\t\t\t\t\t\t\t\t\t\t\t<\/a>\n\t\t\t\t\t\t\t\t\t<\/li>\n\t\t\t\t\t\t\t\t<li class=\"elementor-icon-list-item\">\n\t\t\t\t\t\t\t\t\t\t\t<a href=\"https:\/\/edufrance.education\/en\/blog\/\">\n\n\t\t\t\t\t\t\t\t\t\t\t<span class=\"elementor-icon-list-text\">Blog<\/span>\n\t\t\t\t\t\t\t\t\t\t\t<\/a>\n\t\t\t\t\t\t\t\t\t<\/li>\n\t\t\t\t\t\t\t\t<li class=\"elementor-icon-list-item\">\n\t\t\t\t\t\t\t\t\t\t\t<a href=\"https:\/\/edufrance.education\/en\/contact\/\">\n\n\t\t\t\t\t\t\t\t\t\t\t<span class=\"elementor-icon-list-text\">Careers<\/span>\n\t\t\t\t\t\t\t\t\t\t\t<\/a>\n\t\t\t\t\t\t\t\t\t<\/li>\n\t\t\t\t\t\t\t\t<li class=\"elementor-icon-list-item\">\n\t\t\t\t\t\t\t\t\t\t\t<a href=\"https:\/\/edufrance.education\/en\/contact-base\/\">\n\n\t\t\t\t\t\t\t\t\t\t\t<span class=\"elementor-icon-list-text\">Contact<\/span>\n\t\t\t\t\t\t\t\t\t\t\t<\/a>\n\t\t\t\t\t\t\t\t\t<\/li>\n\t\t\t\t\t\t<\/ul>\n\t\t\t\t<\/div>\n\t\t\t\t<\/div>\n\t\t\t\t<\/div>\n\t\t<div class=\"elementor-element elementor-element-948b500 e-con-full e-flex e-con e-child\" data-id=\"948b500\" data-element_type=\"container\">\n\t\t<div class=\"elementor-element elementor-element-8bcd29a e-con-full e-flex e-con e-child\" data-id=\"8bcd29a\" data-element_type=\"container\">\n\t\t\t\t<div class=\"elementor-element elementor-element-72710cd elementor-widget elementor-widget-heading bdevs-el heading\" data-id=\"72710cd\" data-element_type=\"widget\" data-settings=\"{&quot;design_style&quot;:&quot;style_1&quot;}\" data-widget_type=\"heading.default\">\n\t\t\t\t<div class=\"elementor-widget-container\">\n\t\t\t                            <div class=\"section__title-wrapper bdevs-el-content\">\n                                <h2 class=\"section-title bdevs-el-title  bdevs-el-btn section__title\">Study in France<\/h2>                            <\/div>\n        \n    \n        \t\t<\/div>\n\t\t\t\t<\/div>\n\t\t\t\t<div class=\"elementor-element elementor-element-5cb5934 elementor-view-default elementor-widget elementor-widget-icon\" data-id=\"5cb5934\" data-element_type=\"widget\" data-widget_type=\"icon.default\">\n\t\t\t\t<div class=\"elementor-widget-container\">\n\t\t\t\t\t<div class=\"elementor-icon-wrapper\">\n\t\t\t<div class=\"elementor-icon\">\n\t\t\t<i aria-hidden=\"true\" class=\"far fa-arrow-right\"><\/i>\t\t\t<\/div>\n\t\t<\/div>\n\t\t\t\t<\/div>\n\t\t\t\t<\/div>\n\t\t\t\t<\/div>\n\t\t\t\t<div class=\"elementor-element elementor-element-e3a6173 elementor-icon-list--layout-traditional elementor-list-item-link-full_width elementor-widget elementor-widget-icon-list\" data-id=\"e3a6173\" data-element_type=\"widget\" data-widget_type=\"icon-list.default\">\n\t\t\t\t<div class=\"elementor-widget-container\">\n\t\t\t\t\t<ul class=\"elementor-icon-list-items\">\n\t\t\t\t\t\t\t<li class=\"elementor-icon-list-item\">\n\t\t\t\t\t\t\t\t\t\t\t<a href=\"https:\/\/edufrance.education\/en\/etudier-en-france\/\">\n\n\t\t\t\t\t\t\t\t\t\t\t<span class=\"elementor-icon-list-text\">Why Choose France?<\/span>\n\t\t\t\t\t\t\t\t\t\t\t<\/a>\n\t\t\t\t\t\t\t\t\t<\/li>\n\t\t\t\t\t\t\t\t<li class=\"elementor-icon-list-item\">\n\t\t\t\t\t\t\t\t\t\t\t<a href=\"https:\/\/edufrance.education\/en\/etudes-de-sante\/\">\n\n\t\t\t\t\t\t\t\t\t\t\t<span class=\"elementor-icon-list-text\">Health Studies<\/span>\n\t\t\t\t\t\t\t\t\t\t\t<\/a>\n\t\t\t\t\t\t\t\t\t<\/li>\n\t\t\t\t\t\t\t\t<li class=\"elementor-icon-list-item\">\n\t\t\t\t\t\t\t\t\t\t\t<a href=\"https:\/\/edufrance.education\/en\/etudes-darts-et-darchitecture-en-france\/\">\n\n\t\t\t\t\t\t\t\t\t\t\t<span class=\"elementor-icon-list-text\">Arts &amp; Architecture Studies<\/span>\n\t\t\t\t\t\t\t\t\t\t\t<\/a>\n\t\t\t\t\t\t\t\t\t<\/li>\n\t\t\t\t\t\t\t\t<li class=\"elementor-icon-list-item\">\n\t\t\t\t\t\t\t\t\t\t\t<a href=\"https:\/\/edufrance.education\/en\/bachelor-ou-licence\/\">\n\n\t\t\t\t\t\t\t\t\t\t\t<span class=\"elementor-icon-list-text\">Bachelor\u2019s Degree<\/span>\n\t\t\t\t\t\t\t\t\t\t\t<\/a>\n\t\t\t\t\t\t\t\t\t<\/li>\n\t\t\t\t\t\t\t\t<li class=\"elementor-icon-list-item\">\n\t\t\t\t\t\t\t\t\t\t\t<a href=\"https:\/\/edufrance.education\/en\/masters-mba\/\">\n\n\t\t\t\t\t\t\t\t\t\t\t<span class=\"elementor-icon-list-text\">Master\u2019s Degrees &amp; MBAs<\/span>\n\t\t\t\t\t\t\t\t\t\t\t<\/a>\n\t\t\t\t\t\t\t\t\t<\/li>\n\t\t\t\t\t\t\t\t<li class=\"elementor-icon-list-item\">\n\t\t\t\t\t\t\t\t\t\t\t<a href=\"https:\/\/edufrance.education\/en\/ecoles-dingenieurs\/\">\n\n\t\t\t\t\t\t\t\t\t\t\t<span class=\"elementor-icon-list-text\">Engineering Schools<\/span>\n\t\t\t\t\t\t\t\t\t\t\t<\/a>\n\t\t\t\t\t\t\t\t\t<\/li>\n\t\t\t\t\t\t\t\t<li class=\"elementor-icon-list-item\">\n\t\t\t\t\t\t\t\t\t\t\t<a href=\"https:\/\/edufrance.education\/en\/programme-grande-ecole\/\">\n\n\t\t\t\t\t\t\t\t\t\t\t<span class=\"elementor-icon-list-text\">Grande \u00c9cole Program<\/span>\n\t\t\t\t\t\t\t\t\t\t\t<\/a>\n\t\t\t\t\t\t\t\t\t<\/li>\n\t\t\t\t\t\t\t\t<li class=\"elementor-icon-list-item\">\n\t\t\t\t\t\t\t\t\t\t\t<a href=\"https:\/\/edufrance.education\/en\/bts-but\/\">\n\n\t\t\t\t\t\t\t\t\t\t\t<span class=\"elementor-icon-list-text\">BTS &amp; BUT<\/span>\n\t\t\t\t\t\t\t\t\t\t\t<\/a>\n\t\t\t\t\t\t\t\t\t<\/li>\n\t\t\t\t\t\t<\/ul>\n\t\t\t\t<\/div>\n\t\t\t\t<\/div>\n\t\t\t\t<\/div>\n\t\t<div class=\"elementor-element elementor-element-056eff2 e-con-full e-flex e-con e-child\" data-id=\"056eff2\" data-element_type=\"container\">\n\t\t<div class=\"elementor-element elementor-element-b35afcf e-con-full e-flex e-con e-child\" data-id=\"b35afcf\" data-element_type=\"container\">\n\t\t\t\t<div class=\"elementor-element elementor-element-9c247e5 elementor-widget elementor-widget-heading bdevs-el heading\" data-id=\"9c247e5\" data-element_type=\"widget\" data-settings=\"{&quot;design_style&quot;:&quot;style_1&quot;}\" data-widget_type=\"heading.default\">\n\t\t\t\t<div class=\"elementor-widget-container\">\n\t\t\t                            <div class=\"section__title-wrapper bdevs-el-content\">\n                                <h2 class=\"section-title bdevs-el-title  bdevs-el-btn section__title\">Our Services<\/h2>                            <\/div>\n        \n    \n        \t\t<\/div>\n\t\t\t\t<\/div>\n\t\t\t\t<div class=\"elementor-element elementor-element-5ffb66e elementor-view-default elementor-widget elementor-widget-icon\" data-id=\"5ffb66e\" data-element_type=\"widget\" data-widget_type=\"icon.default\">\n\t\t\t\t<div class=\"elementor-widget-container\">\n\t\t\t\t\t<div class=\"elementor-icon-wrapper\">\n\t\t\t<div class=\"elementor-icon\">\n\t\t\t<i aria-hidden=\"true\" class=\"far fa-arrow-right\"><\/i>\t\t\t<\/div>\n\t\t<\/div>\n\t\t\t\t<\/div>\n\t\t\t\t<\/div>\n\t\t\t\t<\/div>\n\t\t\t\t<div class=\"elementor-element elementor-element-11ce93a elementor-icon-list--layout-traditional elementor-list-item-link-full_width elementor-widget elementor-widget-icon-list\" data-id=\"11ce93a\" data-element_type=\"widget\" data-widget_type=\"icon-list.default\">\n\t\t\t\t<div class=\"elementor-widget-container\">\n\t\t\t\t\t<ul class=\"elementor-icon-list-items\">\n\t\t\t\t\t\t\t<li class=\"elementor-icon-list-item\">\n\t\t\t\t\t\t\t\t\t\t\t<a href=\"https:\/\/edufrance.education\/en\/orientation-academique\/\">\n\n\t\t\t\t\t\t\t\t\t\t\t<span class=\"elementor-icon-list-text\">Academic Guidance<\/span>\n\t\t\t\t\t\t\t\t\t\t\t<\/a>\n\t\t\t\t\t\t\t\t\t<\/li>\n\t\t\t\t\t\t\t\t<li class=\"elementor-icon-list-item\">\n\t\t\t\t\t\t\t\t\t\t\t<a href=\"https:\/\/edufrance.education\/en\/accompagnement-administratif\/\">\n\n\t\t\t\t\t\t\t\t\t\t\t<span class=\"elementor-icon-list-text\">Administrative Support<\/span>\n\t\t\t\t\t\t\t\t\t\t\t<\/a>\n\t\t\t\t\t\t\t\t\t<\/li>\n\t\t\t\t\t\t\t\t<li class=\"elementor-icon-list-item\">\n\t\t\t\t\t\t\t\t\t\t\t<a href=\"https:\/\/edufrance.education\/en\/recherche-de-logement\/\">\n\n\t\t\t\t\t\t\t\t\t\t\t<span class=\"elementor-icon-list-text\">Housing Search<\/span>\n\t\t\t\t\t\t\t\t\t\t\t<\/a>\n\t\t\t\t\t\t\t\t\t<\/li>\n\t\t\t\t\t\t\t\t<li class=\"elementor-icon-list-item\">\n\t\t\t\t\t\t\t\t\t\t\t<a href=\"https:\/\/edufrance.education\/en\/coaching\/\">\n\n\t\t\t\t\t\t\t\t\t\t\t<span class=\"elementor-icon-list-text\">Personalized Coaching<\/span>\n\t\t\t\t\t\t\t\t\t\t\t<\/a>\n\t\t\t\t\t\t\t\t\t<\/li>\n\t\t\t\t\t\t\t\t<li class=\"elementor-icon-list-item\">\n\t\t\t\t\t\t\t\t\t\t\t<a href=\"https:\/\/edufrance.education\/en\/assistance-a-larrivee\/\">\n\n\t\t\t\t\t\t\t\t\t\t\t<span class=\"elementor-icon-list-text\">Arrival Support<\/span>\n\t\t\t\t\t\t\t\t\t\t\t<\/a>\n\t\t\t\t\t\t\t\t\t<\/li>\n\t\t\t\t\t\t<\/ul>\n\t\t\t\t<\/div>\n\t\t\t\t<\/div>\n\t\t\t\t<\/div>\n\t\t\t\t<\/div>\n\t\t<div class=\"elementor-element elementor-element-b251cff e-con-full e-flex e-con e-child\" data-id=\"b251cff\" data-element_type=\"container\">\n\t\t<div class=\"elementor-element elementor-element-d9df2cf e-con-full e-flex e-con e-child\" data-id=\"d9df2cf\" data-element_type=\"container\">\n\t\t\t\t<div class=\"elementor-element elementor-element-04f4f0d elementor-shape-circle elementor-grid-0 e-grid-align-center elementor-widget elementor-widget-social-icons\" data-id=\"04f4f0d\" data-element_type=\"widget\" data-widget_type=\"social-icons.default\">\n\t\t\t\t<div class=\"elementor-widget-container\">\n\t\t\t\t\t<div class=\"elementor-social-icons-wrapper elementor-grid\">\n\t\t\t\t\t\t\t<span class=\"elementor-grid-item\">\n\t\t\t\t\t<a class=\"elementor-icon elementor-social-icon elementor-social-icon-facebook elementor-repeater-item-a6a0b0e\" href=\"https:\/\/www.facebook.com\/EDUFRANCE.tn\" target=\"_blank\">\n\t\t\t\t\t\t<span class=\"elementor-screen-only\">Facebook<\/span>\n\t\t\t\t\t\t<svg class=\"e-font-icon-svg e-fab-facebook\" viewbox=\"0 0 512 512\" xmlns=\"http:\/\/www.w3.org\/2000\/svg\"><path d=\"M504 256C504 119 393 8 256 8S8 119 8 256c0 123.78 90.69 226.38 209.25 245V327.69h-63V256h63v-54.64c0-62.15 37-96.48 93.67-96.48 27.14 0 55.52 4.84 55.52 4.84v61h-31.28c-30.8 0-40.41 19.12-40.41 38.73V256h68.78l-11 71.69h-57.78V501C413.31 482.38 504 379.78 504 256z\"><\/path><\/svg>\t\t\t\t\t<\/a>\n\t\t\t\t<\/span>\n\t\t\t\t\t\t\t<span class=\"elementor-grid-item\">\n\t\t\t\t\t<a class=\"elementor-icon elementor-social-icon elementor-social-icon-instagram elementor-repeater-item-8814383\" href=\"https:\/\/www.instagram.com\/edufrance_tunisie\/\" target=\"_blank\">\n\t\t\t\t\t\t<span class=\"elementor-screen-only\">Instagram<\/span>\n\t\t\t\t\t\t<svg class=\"e-font-icon-svg e-fab-instagram\" viewbox=\"0 0 448 512\" xmlns=\"http:\/\/www.w3.org\/2000\/svg\"><path d=\"M224.1 141c-63.6 0-114.9 51.3-114.9 114.9s51.3 114.9 114.9 114.9S339 319.5 339 255.9 287.7 141 224.1 141zm0 189.6c-41.1 0-74.7-33.5-74.7-74.7s33.5-74.7 74.7-74.7 74.7 33.5 74.7 74.7-33.6 74.7-74.7 74.7zm146.4-194.3c0 14.9-12 26.8-26.8 26.8-14.9 0-26.8-12-26.8-26.8s12-26.8 26.8-26.8 26.8 12 26.8 26.8zm76.1 27.2c-1.7-35.9-9.9-67.7-36.2-93.9-26.2-26.2-58-34.4-93.9-36.2-37-2.1-147.9-2.1-184.9 0-35.8 1.7-67.6 9.9-93.9 36.1s-34.4 58-36.2 93.9c-2.1 37-2.1 147.9 0 184.9 1.7 35.9 9.9 67.7 36.2 93.9s58 34.4 93.9 36.2c37 2.1 147.9 2.1 184.9 0 35.9-1.7 67.7-9.9 93.9-36.2 26.2-26.2 34.4-58 36.2-93.9 2.1-37 2.1-147.8 0-184.8zM398.8 388c-7.8 19.6-22.9 34.7-42.6 42.6-29.5 11.7-99.5 9-132.1 9s-102.7 2.6-132.1-9c-19.6-7.8-34.7-22.9-42.6-42.6-11.7-29.5-9-99.5-9-132.1s-2.6-102.7 9-132.1c7.8-19.6 22.9-34.7 42.6-42.6 29.5-11.7 99.5-9 132.1-9s102.7-2.6 132.1 9c19.6 7.8 34.7 22.9 42.6 42.6 11.7 29.5 9 99.5 9 132.1s2.7 102.7-9 132.1z\"><\/path><\/svg>\t\t\t\t\t<\/a>\n\t\t\t\t<\/span>\n\t\t\t\t\t\t\t<span class=\"elementor-grid-item\">\n\t\t\t\t\t<a class=\"elementor-icon elementor-social-icon elementor-social-icon-linkedin elementor-repeater-item-3b21882\" href=\"https:\/\/www.linkedin.com\/company\/edufrance-tunisie\/\" target=\"_blank\">\n\t\t\t\t\t\t<span class=\"elementor-screen-only\">Linkedin<\/span>\n\t\t\t\t\t\t<svg class=\"e-font-icon-svg e-fab-linkedin\" viewbox=\"0 0 448 512\" xmlns=\"http:\/\/www.w3.org\/2000\/svg\"><path d=\"M416 32H31.9C14.3 32 0 46.5 0 64.3v383.4C0 465.5 14.3 480 31.9 480H416c17.6 0 32-14.5 32-32.3V64.3c0-17.8-14.4-32.3-32-32.3zM135.4 416H69V202.2h66.5V416zm-33.2-243c-21.3 0-38.5-17.3-38.5-38.5S80.9 96 102.2 96c21.2 0 38.5 17.3 38.5 38.5 0 21.3-17.2 38.5-38.5 38.5zm282.1 243h-66.4V312c0-24.8-.5-56.7-34.5-56.7-34.6 0-39.9 27-39.9 54.9V416h-66.4V202.2h63.7v29.2h.9c8.9-16.8 30.6-34.5 62.9-34.5 67.2 0 79.7 44.3 79.7 101.9V416z\"><\/path><\/svg>\t\t\t\t\t<\/a>\n\t\t\t\t<\/span>\n\t\t\t\t\t\t\t<span class=\"elementor-grid-item\">\n\t\t\t\t\t<a class=\"elementor-icon elementor-social-icon elementor-social-icon-youtube elementor-repeater-item-dbf78a3\" href=\"https:\/\/www.youtube.com\/@edufrancetunisie2303\" target=\"_blank\">\n\t\t\t\t\t\t<span class=\"elementor-screen-only\">Youtube<\/span>\n\t\t\t\t\t\t<svg class=\"e-font-icon-svg e-fab-youtube\" viewbox=\"0 0 576 512\" xmlns=\"http:\/\/www.w3.org\/2000\/svg\"><path d=\"M549.655 124.083c-6.281-23.65-24.787-42.276-48.284-48.597C458.781 64 288 64 288 64S117.22 64 74.629 75.486c-23.497 6.322-42.003 24.947-48.284 48.597-11.412 42.867-11.412 132.305-11.412 132.305s0 89.438 11.412 132.305c6.281 23.65 24.787 41.5 48.284 47.821C117.22 448 288 448 288 448s170.78 0 213.371-11.486c23.497-6.321 42.003-24.171 48.284-47.821 11.412-42.867 11.412-132.305 11.412-132.305s0-89.438-11.412-132.305zm-317.51 213.508V175.185l142.739 81.205-142.739 81.201z\"><\/path><\/svg>\t\t\t\t\t<\/a>\n\t\t\t\t<\/span>\n\t\t\t\t\t\t\t<span class=\"elementor-grid-item\">\n\t\t\t\t\t<a class=\"elementor-icon elementor-social-icon elementor-social-icon-tiktok elementor-repeater-item-8bb88b1\" href=\"https:\/\/www.tiktok.com\/@edufrance.tunisie\" target=\"_blank\">\n\t\t\t\t\t\t<span class=\"elementor-screen-only\">Tiktok<\/span>\n\t\t\t\t\t\t<svg class=\"e-font-icon-svg e-fab-tiktok\" viewbox=\"0 0 448 512\" xmlns=\"http:\/\/www.w3.org\/2000\/svg\"><path d=\"M448,209.91a210.06,210.06,0,0,1-122.77-39.25V349.38A162.55,162.55,0,1,1,185,188.31V278.2a74.62,74.62,0,1,0,52.23,71.18V0l88,0a121.18,121.18,0,0,0,1.86,22.17h0A122.18,122.18,0,0,0,381,102.39a121.43,121.43,0,0,0,67,20.14Z\"><\/path><\/svg>\t\t\t\t\t<\/a>\n\t\t\t\t<\/span>\n\t\t\t\t\t<\/div>\n\t\t\t\t<\/div>\n\t\t\t\t<\/div>\n\t\t\t\t<\/div>\n\t\t\t\t<\/div>\n\t\t\t\t<\/div>\n\t\t\t\t<\/div>","protected":false},"excerpt":{"rendered":"<p>R\u00e9ouverture des fronti\u00e8res en France R\u00e9ouverture des fronti\u00e8res en France Aux \u00e9tudiants internationaux Vous souhaitez \u00e9tudier en France mais vous h\u00e9sitez \u00e0 cause de la fermeture des fronti\u00e8res due au coronavirus ? Vous avez commencez la proc\u00e9dure Campus France mais vous ne savez pas quoi faire devant la menace de la diffusion du coronavirus ?! [&hellip;]<\/p>","protected":false},"author":1,"featured_media":8842,"comment_status":"closed","ping_status":"closed","sticky":false,"template":"elementor_header_footer","format":"standard","meta":{"_acf_changed":false,"footnotes":""},"categories":[3,6],"tags":[11,12,13,16],"class_list":["post-8836","post","type-post","status-publish","format-standard","has-post-thumbnail","hentry","category-business","category-ux-design","tag-class","tag-course","tag-design","tag-science"],"acf":[],"yoast_head":"<!-- This site is optimized with the Yoast SEO plugin v25.6 - https:\/\/yoast.com\/wordpress\/plugins\/seo\/ -->\n<title>R\u00e9ouverture des fronti\u00e8res en France - Edufrance<\/title>\n<meta name=\"robots\" content=\"index, follow, max-snippet:-1, max-image-preview:large, max-video-preview:-1\" \/>\n<link rel=\"canonical\" href=\"https:\/\/edufrance.education\/en\/reouverture-des-frontieres-en-france\/\" \/>\n<meta property=\"og:locale\" content=\"en_US\" \/>\n<meta property=\"og:type\" content=\"article\" \/>\n<meta property=\"og:title\" content=\"R\u00e9ouverture des fronti\u00e8res en France - Edufrance\" \/>\n<meta property=\"og:description\" content=\"R\u00e9ouverture des fronti\u00e8res en France R\u00e9ouverture des fronti\u00e8res en France Aux \u00e9tudiants internationaux Vous souhaitez \u00e9tudier en France mais vous h\u00e9sitez \u00e0 cause de la fermeture des fronti\u00e8res due au coronavirus ? Vous avez commencez la proc\u00e9dure Campus France mais vous ne savez pas quoi faire devant la menace de la diffusion du coronavirus ?! [&hellip;]\" \/>\n<meta property=\"og:url\" content=\"https:\/\/edufrance.education\/en\/reouverture-des-frontieres-en-france\/\" \/>\n<meta property=\"og:site_name\" content=\"Edufrance\" \/>\n<meta property=\"article:publisher\" content=\"https:\/\/www.facebook.com\/EDUFRANCE.tn\" \/>\n<meta property=\"article:published_time\" content=\"2025-02-18T16:48:50+00:00\" \/>\n<meta property=\"article:modified_time\" content=\"2025-10-17T10:49:31+00:00\" \/>\n<meta property=\"og:image\" content=\"https:\/\/edufrance.education\/wp-content\/uploads\/2025\/05\/image_2025-05-16_175037107-scaled.webp\" \/>\n\t<meta property=\"og:image:width\" content=\"1920\" \/>\n\t<meta property=\"og:image:height\" content=\"1280\" \/>\n\t<meta property=\"og:image:type\" content=\"image\/webp\" \/>\n<meta name=\"author\" content=\"admin\" \/>\n<meta name=\"twitter:card\" content=\"summary_large_image\" \/>\n<meta name=\"twitter:label1\" content=\"Written by\" \/>\n\t<meta name=\"twitter:data1\" content=\"admin\" \/>\n\t<meta name=\"twitter:label2\" content=\"Est. reading time\" \/>\n\t<meta name=\"twitter:data2\" content=\"4 minutes\" \/>\n<script type=\"application\/ld+json\" class=\"yoast-schema-graph\">{\"@context\":\"https:\/\/schema.org\",\"@graph\":[{\"@type\":\"Article\",\"@id\":\"https:\/\/edufrance.education\/reouverture-des-frontieres-en-france\/#article\",\"isPartOf\":{\"@id\":\"https:\/\/edufrance.education\/reouverture-des-frontieres-en-france\/\"},\"author\":{\"name\":\"admin\",\"@id\":\"https:\/\/edufrance.education\/#\/schema\/person\/76c1718ab4bf238c5759c6cb15d6e2b9\"},\"headline\":\"R\u00e9ouverture des fronti\u00e8res en France\",\"datePublished\":\"2025-02-18T16:48:50+00:00\",\"dateModified\":\"2025-10-17T10:49:31+00:00\",\"mainEntityOfPage\":{\"@id\":\"https:\/\/edufrance.education\/reouverture-des-frontieres-en-france\/\"},\"wordCount\":485,\"publisher\":{\"@id\":\"https:\/\/edufrance.education\/#organization\"},\"image\":{\"@id\":\"https:\/\/edufrance.education\/reouverture-des-frontieres-en-france\/#primaryimage\"},\"thumbnailUrl\":\"https:\/\/edufrance.education\/wp-content\/uploads\/2025\/05\/image_2025-05-16_175037107-scaled.webp\",\"keywords\":[\"Class\",\"Course\",\"Design\",\"Science\"],\"articleSection\":[\"Business\",\"UX Design\"],\"inLanguage\":\"en-US\"},{\"@type\":\"WebPage\",\"@id\":\"https:\/\/edufrance.education\/reouverture-des-frontieres-en-france\/\",\"url\":\"https:\/\/edufrance.education\/reouverture-des-frontieres-en-france\/\",\"name\":\"R\u00e9ouverture des fronti\u00e8res en France - Edufrance\",\"isPartOf\":{\"@id\":\"https:\/\/edufrance.education\/#website\"},\"primaryImageOfPage\":{\"@id\":\"https:\/\/edufrance.education\/reouverture-des-frontieres-en-france\/#primaryimage\"},\"image\":{\"@id\":\"https:\/\/edufrance.education\/reouverture-des-frontieres-en-france\/#primaryimage\"},\"thumbnailUrl\":\"https:\/\/edufrance.education\/wp-content\/uploads\/2025\/05\/image_2025-05-16_175037107-scaled.webp\",\"datePublished\":\"2025-02-18T16:48:50+00:00\",\"dateModified\":\"2025-10-17T10:49:31+00:00\",\"breadcrumb\":{\"@id\":\"https:\/\/edufrance.education\/reouverture-des-frontieres-en-france\/#breadcrumb\"},\"inLanguage\":\"en-US\",\"potentialAction\":[{\"@type\":\"ReadAction\",\"target\":[\"https:\/\/edufrance.education\/reouverture-des-frontieres-en-france\/\"]}]},{\"@type\":\"ImageObject\",\"inLanguage\":\"en-US\",\"@id\":\"https:\/\/edufrance.education\/reouverture-des-frontieres-en-france\/#primaryimage\",\"url\":\"https:\/\/edufrance.education\/wp-content\/uploads\/2025\/05\/image_2025-05-16_175037107-scaled.webp\",\"contentUrl\":\"https:\/\/edufrance.education\/wp-content\/uploads\/2025\/05\/image_2025-05-16_175037107-scaled.webp\",\"width\":1920,\"height\":1280},{\"@type\":\"BreadcrumbList\",\"@id\":\"https:\/\/edufrance.education\/reouverture-des-frontieres-en-france\/#breadcrumb\",\"itemListElement\":[{\"@type\":\"ListItem\",\"position\":1,\"name\":\"Home\",\"item\":\"https:\/\/edufrance.education\/\"},{\"@type\":\"ListItem\",\"position\":2,\"name\":\"R\u00e9ouverture des fronti\u00e8res en France\"}]},{\"@type\":\"WebSite\",\"@id\":\"https:\/\/edufrance.education\/#website\",\"url\":\"https:\/\/edufrance.education\/\",\"name\":\"Edufrance\",\"description\":\"\",\"publisher\":{\"@id\":\"https:\/\/edufrance.education\/#organization\"},\"potentialAction\":[{\"@type\":\"SearchAction\",\"target\":{\"@type\":\"EntryPoint\",\"urlTemplate\":\"https:\/\/edufrance.education\/?s={search_term_string}\"},\"query-input\":{\"@type\":\"PropertyValueSpecification\",\"valueRequired\":true,\"valueName\":\"search_term_string\"}}],\"inLanguage\":\"en-US\"},{\"@type\":\"Organization\",\"@id\":\"https:\/\/edufrance.education\/#organization\",\"name\":\"Edufrance\",\"url\":\"https:\/\/edufrance.education\/\",\"logo\":{\"@type\":\"ImageObject\",\"inLanguage\":\"en-US\",\"@id\":\"https:\/\/edufrance.education\/#\/schema\/logo\/image\/\",\"url\":\"https:\/\/edufrance.education\/wp-content\/uploads\/2025\/05\/Link.webp\",\"contentUrl\":\"https:\/\/edufrance.education\/wp-content\/uploads\/2025\/05\/Link.webp\",\"width\":250,\"height\":55,\"caption\":\"Edufrance\"},\"image\":{\"@id\":\"https:\/\/edufrance.education\/#\/schema\/logo\/image\/\"},\"sameAs\":[\"https:\/\/www.facebook.com\/EDUFRANCE.tn\",\"https:\/\/www.instagram.com\/edufrance_tunisie\",\"https:\/\/www.youtube.com\/@edufrancetunisie2303\"]},{\"@type\":\"Person\",\"@id\":\"https:\/\/edufrance.education\/#\/schema\/person\/76c1718ab4bf238c5759c6cb15d6e2b9\",\"name\":\"admin\",\"image\":{\"@type\":\"ImageObject\",\"inLanguage\":\"en-US\",\"@id\":\"https:\/\/edufrance.education\/#\/schema\/person\/image\/\",\"url\":\"https:\/\/secure.gravatar.com\/avatar\/44002e670b11fb4921d197cebb6b25ededc026791ad38e4f4545b75c3cf2f728?s=96&d=mm&r=g\",\"contentUrl\":\"https:\/\/secure.gravatar.com\/avatar\/44002e670b11fb4921d197cebb6b25ededc026791ad38e4f4545b75c3cf2f728?s=96&d=mm&r=g\",\"caption\":\"admin\"},\"sameAs\":[\"https:\/\/edufrance.education\"],\"url\":\"https:\/\/edufrance.education\/en\/author\/admin\/\"}]}<\/script>\n<!-- \/ Yoast SEO plugin. -->","yoast_head_json":{"title":"R\u00e9ouverture des fronti\u00e8res en France - Edufrance","robots":{"index":"index","follow":"follow","max-snippet":"max-snippet:-1","max-image-preview":"max-image-preview:large","max-video-preview":"max-video-preview:-1"},"canonical":"https:\/\/edufrance.education\/en\/reouverture-des-frontieres-en-france\/","og_locale":"en_US","og_type":"article","og_title":"R\u00e9ouverture des fronti\u00e8res en France - Edufrance","og_description":"R\u00e9ouverture des fronti\u00e8res en France R\u00e9ouverture des fronti\u00e8res en France Aux \u00e9tudiants internationaux Vous souhaitez \u00e9tudier en France mais vous h\u00e9sitez \u00e0 cause de la fermeture des fronti\u00e8res due au coronavirus ? Vous avez commencez la proc\u00e9dure Campus France mais vous ne savez pas quoi faire devant la menace de la diffusion du coronavirus ?! [&hellip;]","og_url":"https:\/\/edufrance.education\/en\/reouverture-des-frontieres-en-france\/","og_site_name":"Edufrance","article_publisher":"https:\/\/www.facebook.com\/EDUFRANCE.tn","article_published_time":"2025-02-18T16:48:50+00:00","article_modified_time":"2025-10-17T10:49:31+00:00","og_image":[{"width":1920,"height":1280,"url":"https:\/\/edufrance.education\/wp-content\/uploads\/2025\/05\/image_2025-05-16_175037107-scaled.webp","type":"image\/webp"}],"author":"admin","twitter_card":"summary_large_image","twitter_misc":{"Written by":"admin","Est. reading time":"4 minutes"},"schema":{"@context":"https:\/\/schema.org","@graph":[{"@type":"Article","@id":"https:\/\/edufrance.education\/reouverture-des-frontieres-en-france\/#article","isPartOf":{"@id":"https:\/\/edufrance.education\/reouverture-des-frontieres-en-france\/"},"author":{"name":"admin","@id":"https:\/\/edufrance.education\/#\/schema\/person\/76c1718ab4bf238c5759c6cb15d6e2b9"},"headline":"R\u00e9ouverture des fronti\u00e8res en France","datePublished":"2025-02-18T16:48:50+00:00","dateModified":"2025-10-17T10:49:31+00:00","mainEntityOfPage":{"@id":"https:\/\/edufrance.education\/reouverture-des-frontieres-en-france\/"},"wordCount":485,"publisher":{"@id":"https:\/\/edufrance.education\/#organization"},"image":{"@id":"https:\/\/edufrance.education\/reouverture-des-frontieres-en-france\/#primaryimage"},"thumbnailUrl":"https:\/\/edufrance.education\/wp-content\/uploads\/2025\/05\/image_2025-05-16_175037107-scaled.webp","keywords":["Class","Course","Design","Science"],"articleSection":["Business","UX Design"],"inLanguage":"en-US"},{"@type":"WebPage","@id":"https:\/\/edufrance.education\/reouverture-des-frontieres-en-france\/","url":"https:\/\/edufrance.education\/reouverture-des-frontieres-en-france\/","name":"R\u00e9ouverture des fronti\u00e8res en France - Edufrance","isPartOf":{"@id":"https:\/\/edufrance.education\/#website"},"primaryImageOfPage":{"@id":"https:\/\/edufrance.education\/reouverture-des-frontieres-en-france\/#primaryimage"},"image":{"@id":"https:\/\/edufrance.education\/reouverture-des-frontieres-en-france\/#primaryimage"},"thumbnailUrl":"https:\/\/edufrance.education\/wp-content\/uploads\/2025\/05\/image_2025-05-16_175037107-scaled.webp","datePublished":"2025-02-18T16:48:50+00:00","dateModified":"2025-10-17T10:49:31+00:00","breadcrumb":{"@id":"https:\/\/edufrance.education\/reouverture-des-frontieres-en-france\/#breadcrumb"},"inLanguage":"en-US","potentialAction":[{"@type":"ReadAction","target":["https:\/\/edufrance.education\/reouverture-des-frontieres-en-france\/"]}]},{"@type":"ImageObject","inLanguage":"en-US","@id":"https:\/\/edufrance.education\/reouverture-des-frontieres-en-france\/#primaryimage","url":"https:\/\/edufrance.education\/wp-content\/uploads\/2025\/05\/image_2025-05-16_175037107-scaled.webp","contentUrl":"https:\/\/edufrance.education\/wp-content\/uploads\/2025\/05\/image_2025-05-16_175037107-scaled.webp","width":1920,"height":1280},{"@type":"BreadcrumbList","@id":"https:\/\/edufrance.education\/reouverture-des-frontieres-en-france\/#breadcrumb","itemListElement":[{"@type":"ListItem","position":1,"name":"Home","item":"https:\/\/edufrance.education\/"},{"@type":"ListItem","position":2,"name":"R\u00e9ouverture des fronti\u00e8res en France"}]},{"@type":"WebSite","@id":"https:\/\/edufrance.education\/#website","url":"https:\/\/edufrance.education\/","name":"Edufrance","description":"","publisher":{"@id":"https:\/\/edufrance.education\/#organization"},"potentialAction":[{"@type":"SearchAction","target":{"@type":"EntryPoint","urlTemplate":"https:\/\/edufrance.education\/?s={search_term_string}"},"query-input":{"@type":"PropertyValueSpecification","valueRequired":true,"valueName":"search_term_string"}}],"inLanguage":"en-US"},{"@type":"Organization","@id":"https:\/\/edufrance.education\/#organization","name":"Edufrance","url":"https:\/\/edufrance.education\/","logo":{"@type":"ImageObject","inLanguage":"en-US","@id":"https:\/\/edufrance.education\/#\/schema\/logo\/image\/","url":"https:\/\/edufrance.education\/wp-content\/uploads\/2025\/05\/Link.webp","contentUrl":"https:\/\/edufrance.education\/wp-content\/uploads\/2025\/05\/Link.webp","width":250,"height":55,"caption":"Edufrance"},"image":{"@id":"https:\/\/edufrance.education\/#\/schema\/logo\/image\/"},"sameAs":["https:\/\/www.facebook.com\/EDUFRANCE.tn","https:\/\/www.instagram.com\/edufrance_tunisie","https:\/\/www.youtube.com\/@edufrancetunisie2303"]},{"@type":"Person","@id":"https:\/\/edufrance.education\/#\/schema\/person\/76c1718ab4bf238c5759c6cb15d6e2b9","name":"admin","image":{"@type":"ImageObject","inLanguage":"en-US","@id":"https:\/\/edufrance.education\/#\/schema\/person\/image\/","url":"https:\/\/secure.gravatar.com\/avatar\/44002e670b11fb4921d197cebb6b25ededc026791ad38e4f4545b75c3cf2f728?s=96&d=mm&r=g","contentUrl":"https:\/\/secure.gravatar.com\/avatar\/44002e670b11fb4921d197cebb6b25ededc026791ad38e4f4545b75c3cf2f728?s=96&d=mm&r=g","caption":"admin"},"sameAs":["https:\/\/edufrance.education"],"url":"https:\/\/edufrance.education\/en\/author\/admin\/"}]}},"_links":{"self":[{"href":"https:\/\/edufrance.education\/en\/wp-json\/wp\/v2\/posts\/8836","targetHints":{"allow":["GET"]}}],"collection":[{"href":"https:\/\/edufrance.education\/en\/wp-json\/wp\/v2\/posts"}],"about":[{"href":"https:\/\/edufrance.education\/en\/wp-json\/wp\/v2\/types\/post"}],"author":[{"embeddable":true,"href":"https:\/\/edufrance.education\/en\/wp-json\/wp\/v2\/users\/1"}],"replies":[{"embeddable":true,"href":"https:\/\/edufrance.education\/en\/wp-json\/wp\/v2\/comments?post=8836"}],"version-history":[{"count":0,"href":"https:\/\/edufrance.education\/en\/wp-json\/wp\/v2\/posts\/8836\/revisions"}],"wp:featuredmedia":[{"embeddable":true,"href":"https:\/\/edufrance.education\/en\/wp-json\/wp\/v2\/media\/8842"}],"wp:attachment":[{"href":"https:\/\/edufrance.education\/en\/wp-json\/wp\/v2\/media?parent=8836"}],"wp:term":[{"taxonomy":"category","embeddable":true,"href":"https:\/\/edufrance.education\/en\/wp-json\/wp\/v2\/categories?post=8836"},{"taxonomy":"post_tag","embeddable":true,"href":"https:\/\/edufrance.education\/en\/wp-json\/wp\/v2\/tags?post=8836"}],"curies":[{"name":"wp","href":"https:\/\/api.w.org\/{rel}","templated":true}]}}